{"id":729,"date":"2008-02-06T00:00:00","date_gmt":"2008-02-06T00:00:00","guid":{"rendered":"https:\/\/isp4c-sfe.infd.edu.ar\/sitio\/postitulo-de-actualizacion-academica-en-problematicas-y-perspectivas-de-la-educacion-tecnico-profesional\/"},"modified":"2008-02-06T00:00:00","modified_gmt":"2008-02-06T00:00:00","slug":"postitulo-de-actualizacion-academica-en-problematicas-y-perspectivas-de-la-educacion-tecnico-profesional","status":"publish","type":"post","link":"https:\/\/isp4c-sfe.infd.edu.ar\/sitio\/postitulo-de-actualizacion-academica-en-problematicas-y-perspectivas-de-la-educacion-tecnico-profesional\/","title":{"rendered":"Post\u00edtulo de Actualizaci\u00f3n Ac\u00e1demica en Problematicas y Perspectivas de la Educaci\u00f3n T\u00e9cnico Profesional"},"content":{"rendered":"<p class=\"sitio_noticia_volanta\" >\n<h3>Post\u00edtulo de Actualizaci\u00f3n Ac\u00e1demica en Problematicas y Perspectivas de la Educaci\u00f3n T\u00e9cnico Profesional<\/h3>\n<p class=\"sitio_noticia_copete\" >\n<hr class=\"sitio_noticia_contenido\" \/>\n<p ><font size=\"2\"><font size=\"2\"><font face=\"verdana,geneva\"><font face=\"verdana,geneva\"><\/p>\n<p align=\"justify\"><font face=\"comic sans ms,sand\">Durante el corriente mes ha comenzado el Seminario 6 del Post&iacute;tulo de Actualizaci&oacute;n Ac&aacute;demica en Problematicas y Perspectivas de la Educaci&oacute;n T&eacute;cnico Profesional.<\/font><\/p>\n<p align=\"justify\"><font face=\"comic sans ms,sand\">El mismo se encuentra a cargo de la Lic. Ma. del Carmen Fontana y la Prof. Lucrecia Lodi. <\/font><\/p>\n<p><\/font><\/font><\/font><\/font>\n<\/p>\n<div class=\"sitio_noticia_file\">\n                            Archivo relacionado:<br \/>\n                            <a href=\"http:\/\/isp4c-sfe.infd.edu.ar\/sitio\/wp-content\/uploads\/sitio\/-\" title=\"descargar archivo\"><br \/>\n                            &#8211;<br \/>\n                            <\/a>\n                        <\/div>\n","protected":false},"excerpt":{"rendered":"<p>Post\u00edtulo de Actualizaci\u00f3n Ac\u00e1demica en Problematicas y Perspectivas de la Educaci\u00f3n T\u00e9cnico Profesional Durante el corriente mes ha comenzado el Seminario 6 del Post&iacute;tulo de Actualizaci&oacute;n Ac&aacute;demica en Problematicas y Perspectivas de la Educaci&oacute;n T&eacute;cnico Profesional. El mismo se encuentra a cargo de la Lic. Ma. del Carmen Fontana y la Prof. Lucrecia Lodi. Archivo &#8230; <a title=\"Post\u00edtulo de Actualizaci\u00f3n Ac\u00e1demica en Problematicas y Perspectivas de la Educaci\u00f3n T\u00e9cnico Profesional\" class=\"read-more\" href=\"https:\/\/isp4c-sfe.infd.edu.ar\/sitio\/postitulo-de-actualizacion-academica-en-problematicas-y-perspectivas-de-la-educacion-tecnico-profesional\/\" aria-label=\"More on Post\u00edtulo de Actualizaci\u00f3n Ac\u00e1demica en Problematicas y Perspectivas de la Educaci\u00f3n T\u00e9cnico Profesional\">[+]<\/a><\/p>\n","protected":false},"author":55,"featured_media":0,"comment_status":"open","ping_status":"open","sticky":false,"template":"","format":"standard","meta":[],"categories":[7,6],"tags":[],"acf":[],"_links":{"self":[{"href":"https:\/\/isp4c-sfe.infd.edu.ar\/sitio\/wp-json\/wp\/v2\/posts\/729"}],"collection":[{"href":"https:\/\/isp4c-sfe.infd.edu.ar\/sitio\/wp-json\/wp\/v2\/posts"}],"about":[{"href":"https:\/\/isp4c-sfe.infd.edu.ar\/sitio\/wp-json\/wp\/v2\/types\/post"}],"author":[{"embeddable":true,"href":"https:\/\/isp4c-sfe.infd.edu.ar\/sitio\/wp-json\/wp\/v2\/users\/55"}],"replies":[{"embeddable":true,"href":"https:\/\/isp4c-sfe.infd.edu.ar\/sitio\/wp-json\/wp\/v2\/comments?post=729"}],"version-history":[{"count":0,"href":"https:\/\/isp4c-sfe.infd.edu.ar\/sitio\/wp-json\/wp\/v2\/posts\/729\/revisions"}],"wp:attachment":[{"href":"https:\/\/isp4c-sfe.infd.edu.ar\/sitio\/wp-json\/wp\/v2\/media?parent=729"}],"wp:term":[{"taxonomy":"category","embeddable":true,"href":"https:\/\/isp4c-sfe.infd.edu.ar\/sitio\/wp-json\/wp\/v2\/categories?post=729"},{"taxonomy":"post_tag","embeddable":true,"href":"https:\/\/isp4c-sfe.infd.edu.ar\/sitio\/wp-json\/wp\/v2\/tags?post=729"}],"curies":[{"name":"wp","href":"https:\/\/api.w.org\/{rel}","templated":true}]}}